{"id":5578,"date":"2012-11-27T00:35:10","date_gmt":"2012-11-26T22:35:10","guid":{"rendered":"http:\/\/www.primosasegangan.com\/blog1\/?p=5578"},"modified":"2012-11-27T00:35:10","modified_gmt":"2012-11-26T22:35:10","slug":"programa-de-fiestas-de-segangan-1955","status":"publish","type":"post","link":"http:\/\/www.primosasegangan.com\/blog1\/?p=5578","title":{"rendered":"PROGRAMA DE FIESTAS DE SEGANGAN 1955"},"content":{"rendered":"<p>&#160;<\/p>\n<h4 align=\"center\">DURANTE LOS DIAS 28 \u00e2\u20ac\u201c 29 \u00e2\u20ac\u201c 30 Y 31 JULIO DE 1955<\/h4>\n<p>&#160;<\/p>\n<h5 align=\"center\"><u>DIA 28, JUEVES<\/u><\/h5>\n<p><strong>A las 8 horas.-<\/strong>&#160; Diana floreada a cargo de la nuba de Regulares n\u00c3\u00bamero 5, con desfile de gigantes y cabezudos y disparo de cohetes y morteros.<\/p>\n<p><strong>A las 12 horas.-<\/strong> Regocijantes juegos populares, carreras de sacos, carreras de burros con premio al \u00c3\u00baltimo y elevaci\u00c3\u00b3n de globos y fantoches en el recinto del Zoco.<\/p>\n<p><strong>A las 13 horas.-<\/strong> Gran cuca\u00c3\u00b1a vertical con premios en volater\u00c3\u00ada y met\u00c3\u00a1lico.<\/p>\n<p><strong>A las 13\u00c2\u00a830 horas.-<\/strong> Recepci\u00c3\u00b3n a las autoridades musulmanas de Quelaia amenizada por una orquesta \u00c3\u00a1rabe.<\/p>\n<p><strong>A las 18 horas.-<\/strong> Gran tirada de plato para aficionados locales. Valiosos regalos a los vencedores.<\/p>\n<p><strong>A las 19 horas.-<\/strong> Inauguraci\u00c3\u00b3n del Real de la Feria con elevaci\u00c3\u00b3n de globos y fantoches y disparo de cohetes.<\/p>\n<p><strong>A las 21 horas.-<\/strong> Inauguraci\u00c3\u00b3n del Recinto \u00c3\u0081rabe. Actuaci\u00c3\u00b3n de bailarinas y cantantes del pa\u00c3\u00ads y otras atracciones.<\/p>\n<p><strong>A las 22 horas.-<\/strong> Gran verbena en el Jard\u00c3\u00adn Municipal con atracciones de escogidas orquestas y magn\u00c3\u00adfico cuadro de variedades. Concursos y juegos. Elecci\u00c3\u00b3n de la Reina de las Fiestas. Espl\u00c3\u00a9ndida iluminaci\u00c3\u00b3n. Valiosos regalos.<\/p>\n<h5 align=\"center\"><u>DIA 29, VIERNES.<\/u><\/h5>\n<p><strong>A las 8 horas.-<\/strong> Diana floreada a cargo de la nuba de Regulares n\u00c3\u00bamero 5, con desfile de gigantes y cabezudos y disparo de cohetes y morteros.<\/p>\n<p><strong>A las 12 horas.-<\/strong> Carrera de cintas. A continuaci\u00c3\u00b3n carrera ciclista de lentitud. Escogidos premios en ambos cert\u00c3\u00a1menes.<\/p>\n<p><strong>A las 13 horas.-<\/strong> Cuca\u00c3\u00b1a y juego del puchero.<\/p>\n<p><strong>A las 18 horas.-<\/strong> Gran Festival Infantil en el Jard\u00c3\u00adn Municipal, en el que actuar\u00c3\u00a1 el Teatro Gui\u00c3\u00b1ol del Frente de Juventudes de Melilla, obsequi\u00c3\u00a1ndose a todos los ni\u00c3\u00b1os con bolsas de caramelos y otros regalos. Elevaci\u00c3\u00b3n de globos fantoches.<\/p>\n<p><strong>A las 21 horas.-<\/strong> Sensacional velada de boxeo a cargo de magn\u00c3\u00adficos p\u00c3\u00bagiles del Protectorado y Melilla.<\/p>\n<p><strong>A las 22 horas.-<\/strong> Segundo d\u00c3\u00ada de actuaci\u00c3\u00b3n en el Recinto \u00c3\u0081rabe con bailarinas, cantantes y orquesta del pa\u00c3\u00ads y cuadro Art\u00c3\u00adstico \u00e2\u20ac\u0153Fantas\u00c3\u00ada\u00e2\u20ac\u009d<\/p>\n<p><strong>A las 22\u00c2\u00b430 horas.-<\/strong> Segunda Gran Verbena en el Jard\u00c3\u00adn Municipal. Afamados artistas de variedades. Concursos, juegos y regalos.<\/p>\n<h5 align=\"center\"><u>DIA 30, SABADO.<\/u><\/h5>\n<p><strong>A las 8 horas.-<\/strong> Diana floreada a cargo de la nuba de Regulares n\u00c3\u00bamero 5, con desfile de gigantes y cabezudos y disparo de cohetes y morteros.<\/p>\n<p><strong>A las 12 horas.-<\/strong> Gymkhama ciclista en el Real de la Feria. Juegos populares.<\/p>\n<p><strong>A las 17 horas.-<\/strong> Grandes tiradas de pich\u00c3\u00b3n y plato concurriendo las mejores escopetas de Melilla y la zona, con magn\u00c3\u00adfica copa de plata al vencedor y otros valiosos premios. Tirada de parejas mixtas.<\/p>\n<p><strong>A las 20 horas.-<\/strong> Elevaci\u00c3\u00b3n de globos y fantoches.<\/p>\n<p><strong>A las 21 horas.-<\/strong> Tercer d\u00c3\u00ada de actuaci\u00c3\u00b3n de variedades y artistas del pa\u00c3\u00ads en el Recinto \u00c3\u0081rabe.<\/p>\n<p><strong>A las 22\u00c2\u00b430 horas.-<\/strong> Espl\u00c3\u00a9ndida Verbena en el Jard\u00c3\u00adn Municipal. Orquestas \u00e2\u20ac\u0153Melilla\u00e2\u20ac\u009d y \u00e2\u20ac\u0153Nador\u00e2\u20ac\u009d. Espect\u00c3\u00a1culo \u00e2\u20ac\u0153Fantas\u00c3\u00ada\u00e2\u20ac\u009d. Grandes concursos de baile y valiosos regalos. Magn\u00c3\u00adfica iluminaci\u00c3\u00b3n.<\/p>\n<p><strong>A las 23 horas.-<\/strong> Gran cena fr\u00c3\u00ada en el Jard\u00c3\u00adn Municipal servida por el Restaurante \u00e2\u20ac\u0153Victoria\u00e2\u20ac\u009d (de Melilla).<\/p>\n<h5 align=\"center\"><u>DIA 31, DOMINGO.<\/u><\/h5>\n<p><strong>A las 8 horas.-<\/strong> Diana floreada a cargo de la nuba de Regulares n\u00c3\u00bamero 5, con desfile de gigantes y cabezudos y disparo de cohetes y mortero.<\/p>\n<p><strong>A las 12 horas.-<\/strong> Carrera de triciclos infantiles y concurso de tracci\u00c3\u00b3n de cuerda.<\/p>\n<p><strong>A las 18 horas.-<\/strong> Emocionante partido de futbol entre los potentes equipos \u00e2\u20ac\u0153UD. Melilla\u00e2\u20ac\u009d y \u00e2\u20ac\u0153CD Segangan\u00e2\u20ac\u009d que se disputar\u00c3\u00a1n una valiosa copa.<\/p>\n<p><strong>A las 20 horas.-<\/strong> Elevaci\u00c3\u00b3n de globos y fantoches.<\/p>\n<p><strong>A las 21 horas.-<\/strong> \u00c3\u0161ltimo d\u00c3\u00ada de funci\u00c3\u00b3n en el Recinto \u00c3\u0081rabe, con actuaci\u00c3\u00b3n de afamados artistas de variedades.<\/p>\n<p><strong>A las 22\u00c2\u00b430 horas.-<\/strong> Gran verbena en el Jard\u00c3\u00adn Municipal con nombradas orquestas y afamados artistas de variedades. Concursos. Premios.<\/p>\n<p><strong><u>NOTAS.-<\/u><\/strong> Durante todos los d\u00c3\u00adas habr\u00c3\u00a1 servicios extraordinarios de autobuses para ida y regreso desde Villa Nador y Melilla. Esmerado servicio de ambig\u00c3\u00ba a cargo del conocido barman \u00e2\u20ac\u0153Antonio\u00e2\u20ac\u009d. Pinchitos, chocolate,bu\u00c3\u00b1uelos. Todos los d\u00c3\u00adas grandes iluminaciones en el Real de la Feria, Recinto \u00c3\u0081rabe y Jard\u00c3\u00adn Municipal.<\/p>\n<p align=\"center\">===========================================================================<\/p>\n<p><em><strong>El contenido del programa de fiestas es copia fiel de la noticia aparecida en el peri\u00c3\u00b3dico el TELEGRAMA DEL RIF y enviada por nuestro amigo <u>Pedro Desena<\/u>.<\/strong><\/em><\/p>\n<p><strong><em>Me ha parecido interesante adjuntar la siguiente foto de mi \u00c3\u00a1lbum particular para ilustrar el ambig\u00c3\u00ba del Jard\u00c3\u00adn Municipal.<\/em><\/strong><\/p>\n<p align=\"center\"><a href=\"http:\/\/www.primosasegangan.com\/blog1\/wp-content\/uploads\/2012\/11\/img-7481.jpg\"><img loading=\"lazy\" decoding=\"async\" title=\"IMG_7481\" style=\"border-right: 0px; border-top: 0px; display: block; float: none; margin-left: auto; border-left: 0px; margin-right: auto; border-bottom: 0px\" height=\"259\" alt=\"IMG_7481\" src=\"http:\/\/www.primosasegangan.com\/blog1\/wp-content\/uploads\/2012\/11\/img-7481-thumb.jpg\" width=\"353\" border=\"0\" \/><\/a><em>Las camareras son: Lolita Mart\u00c3\u00adnez y la Indalecia<\/em>&#160;<\/p>\n<p align=\"right\">Esperamos vuestros comentarios:&#160; Antonio Asensio Mart\u00c3\u00adnez<\/p>\n","protected":false},"excerpt":{"rendered":"<p>&#160; DURANTE LOS DIAS 28 \u00e2\u20ac\u201c 29 \u00e2\u20ac\u201c 30 Y 31 JULIO DE 1955 &#160; DIA 28, JUEVES A las 8 horas.-&#160; Diana floreada a cargo de la nuba de Regulares n\u00c3\u00bamero 5, con desfile de gigantes y cabezudos y &hellip; <a class=\"kt-excerpt-readmore\" href=\"http:\/\/www.primosasegangan.com\/blog1\/?p=5578\" aria-label=\"PROGRAMA DE FIESTAS DE SEGANGAN 1955\">Leer m&aacute;s<\/a><\/p>\n","protected":false},"author":1,"featured_media":0,"comment_status":"open","ping_status":"open","sticky":false,"template":"","format":"standard","meta":{"kt_blocks_editor_width":"","footnotes":""},"categories":[294,350,5,354],"tags":[],"_links":{"self":[{"href":"http:\/\/www.primosasegangan.com\/blog1\/index.php?rest_route=\/wp\/v2\/posts\/5578"}],"collection":[{"href":"http:\/\/www.primosasegangan.com\/blog1\/index.php?rest_route=\/wp\/v2\/posts"}],"about":[{"href":"http:\/\/www.primosasegangan.com\/blog1\/index.php?rest_route=\/wp\/v2\/types\/post"}],"author":[{"embeddable":true,"href":"http:\/\/www.primosasegangan.com\/blog1\/index.php?rest_route=\/wp\/v2\/users\/1"}],"replies":[{"embeddable":true,"href":"http:\/\/www.primosasegangan.com\/blog1\/index.php?rest_route=%2Fwp%2Fv2%2Fcomments&post=5578"}],"version-history":[{"count":0,"href":"http:\/\/www.primosasegangan.com\/blog1\/index.php?rest_route=\/wp\/v2\/posts\/5578\/revisions"}],"wp:attachment":[{"href":"http:\/\/www.primosasegangan.com\/blog1\/index.php?rest_route=%2Fwp%2Fv2%2Fmedia&parent=5578"}],"wp:term":[{"taxonomy":"category","embeddable":true,"href":"http:\/\/www.primosasegangan.com\/blog1\/index.php?rest_route=%2Fwp%2Fv2%2Fcategories&post=5578"},{"taxonomy":"post_tag","embeddable":true,"href":"http:\/\/www.primosasegangan.com\/blog1\/index.php?rest_route=%2Fwp%2Fv2%2Ftags&post=5578"}],"curies":[{"name":"wp","href":"https:\/\/api.w.org\/{rel}","templated":true}]}}