{"id":3562,"date":"2010-12-10T23:08:00","date_gmt":"2010-12-10T21:08:00","guid":{"rendered":"http:\/\/www.primosasegangan.com\/blog1\/?p=3562"},"modified":"2010-12-10T23:08:00","modified_gmt":"2010-12-10T21:08:00","slug":"cuando-villa-nador-era-una-feria-de-colores","status":"publish","type":"post","link":"http:\/\/www.primosasegangan.com\/blog1\/?p=3562","title":{"rendered":"CUANDO VILLA NADOR ERA UNA FERIA DE COLORES"},"content":{"rendered":"<p>Villa Nador era una gran fiesta cuando se acercaba el 25 de Julio: Santiago el Mayor patr\u00c3\u00b3n de la localidad y hab\u00c3\u00ada que celebrarlo con: Misa, m\u00c3\u00basica, gigantes y cabezudos, deportes, conciertos, cohetes y actos culturales. Los Padres Franciscanos se encargaban del aspecto religioso, la mayor\u00c3\u00ada de ellos proced\u00c3\u00adan de tierras galaicas y se notaba el acento cuando hablaban, el nuestro era una amalgama de andaluz y chelja, lo cual nos diferenciaba del resto de los hispanos. En aquellos tiempos <b>El Camino de Santiago en Marruecos<\/b>, empezaba en Villa Nador y acababa en Larache.<\/p>\n<p>Puedo asegurar y sin equivocarme que la sede central de todos los festejos: Era el Recinto Ferial, instalado en una calle perpendicular al bello Paseo de las Palmeras que iba desde el Club N\u00c3\u00a1utico hasta el edificio de influencia andalus\u00c3\u00ad , el de la Regional.<\/p>\n<p>La fachada principal y de entrada, daba a dicho paseo y el recinto se prolongaba en direcci\u00c3\u00b3n al Zoco y al Matadero y ocupaba una extensi\u00c3\u00b3n aproximada de tres manzanas, cerca de las viviendas que ocupaban algunos maestros del Colegio Lope de Vega y tambi\u00c3\u00a9n algunos oficiales de Regulares.<\/p>\n<p>En el centro del espacio acotado y cercado por bonitas celos\u00c3\u00adas de madera, pintadas de un color verde botella, se instalaba un escenario d\u00c3\u00b3nde se realizaban todas las actuaciones de m\u00c3\u00basica y baile.<\/p>\n<p>Entre todas las bellas plantas que decoraban el espacio festivo, destacaban la flor m\u00c3\u00a1s socorrida y alegre \u00e2\u20ac\u0153los geranios\u00e2\u20ac\u009d y los hab\u00c3\u00ada de todos los colores posibles. Desde Nador hasta Barcelona, pasando por la arom\u00c3\u00a1tica Alpujarra Almeriense, los he contemplado y olido casi todos, esto lo digo por la forma de expresarme, que no s\u00c3\u00a9 si es la influencia del Sur o m\u00c3\u00a1s bien yo, que soy un exagerado.<\/p>\n<p>En aquellas fechas mi buen padre, como encargado de la Junta Municipal deb\u00c3\u00ada controlar todo: Montaje e instalaci\u00c3\u00b3n, as\u00c3\u00ad como conseguir del Ayuntamiento de Melilla, tarimas, sillas y dem\u00c3\u00a1s accesorios necesarios para poner en marcha el recinto ferial.<\/p>\n<p>Adem\u00c3\u00a1s de mandar instalar los camerinos para todos y todas las participantes y claro no pod\u00c3\u00ada faltar un bar bien acondicionado para poder suministrar, toda clase de bebidas y tapas al numeroso p\u00c3\u00bablico que cada noche acud\u00c3\u00ada a ver las actuaciones.<\/p>\n<\/p>\n<p> <!--more-->  <\/p>\n<p>Como parte fundamental de toda la actividad musical ten\u00c3\u00adamos a la ORQUESTA DE NADOR, formada por m\u00c3\u00basicos locales que hab\u00c3\u00adan sido instruidos por D. Severiano Gil, al que tuve de profesor de m\u00c3\u00basica cuando realic\u00c3\u00a9 mis estudios primarios.<\/p>\n<p>Si no recuerdo mal, uno de los componentes se llamaba Oscar y creo que era hijo del citado anteriormente. Recuerdo que iban vestidos con una camisa roja de seda y pantalones negros, colores anarquistas, copiados posteriormente por los falangistas.<\/p>\n<p>Como se notaba la influencia mayoritariamente andaluza entre los habitantes de Villa Nador, la llamada Copla Espa\u00c3\u00b1ola y el Flamenco, ocupaban un lugar destacado en el programa de actuaciones: Creo recordar a Anto\u00c3\u00b1ita Moreno como una de las cantaoras contratadas, que se hizo famosa por su canci\u00c3\u00b3n: El cord\u00c3\u00b3n de mi corpi\u00c3\u00b1o. Tambi\u00c3\u00a9n se contrataron cantaores del cante grande: EL CANTE JONDO. <\/p>\n<p>Est\u00c3\u00a1bamos en tierras rife\u00c3\u00b1as y la m\u00c3\u00basica y el baile era pan de cada d\u00c3\u00ada en todas las fiestas. Raz\u00c3\u00b3n de m\u00c3\u00a1s para que actuasen m\u00c3\u00basicos y bailarinas. Y claro cuando llegaba la actuaci\u00c3\u00b3n de la Danza del VIENTRE, era todo un cuadro el ver a todos los hombres con que ojos miraban a las bailarinas, mientras realizaban el baile con una perfecci\u00c3\u00b3n absoluta y con una exquisita sensibilidad.<\/p>\n<p>Yo l\u00c3\u00b3gicamente y por la edad, deb\u00c3\u00ada abandonar la fiesta nocturna a partir de las 22: 00 acompa\u00c3\u00b1ando a mi madre y a mi hermanillo a casa. All\u00c3\u00ad se deb\u00c3\u00ada quedar obligatoriamente mi padre por raz\u00c3\u00b3n de su cargo y mi hermano mayor entonces un joven de 15 a\u00c3\u00b1os, que ten\u00c3\u00ada el privilegio de poder quedarse hasta que acabase la fiesta, para despu\u00c3\u00a9s ir juntos a nuestro hogar, situado entre el Campo de Deportes y mi a\u00c3\u00b1orado Zoco multicolor.<\/p>\n<p>Cada ma\u00c3\u00b1ana una Nuba de Regulares n\u00c2\u00ba 2, compuesta musicalmente de: Chirim\u00c3\u00adas, cornetas y tambores, nos despertaba con su diana de vigorosas marchas militares y ritmo andalus\u00c3\u00ad. Nos hac\u00c3\u00adan saltar de la cama en pijama y nos recordaba que era hora de levantarse y sumarse a la algarab\u00c3\u00ada, todos deb\u00c3\u00adamos participar, grandes y peque\u00c3\u00b1os en casi todas las actividades que se celebraban en nuestra ciudad.<\/p>\n<p>Hab\u00c3\u00ada un extenso programa de actos y actividades empezar\u00c3\u00a9 por el BOXEO AMATEUR que se realizaba gracias a los p\u00c3\u00bagiles: Soldados de reemplazo y de legionarios del Tercio del Gran Capit\u00c3\u00a1n con sede en Tau\u00c3\u00adma y alg\u00c3\u00ban aficionado local, que destacaban por su preparaci\u00c3\u00b3n y capacidad de resistencia. El p\u00c3\u00bablico animaba y jaleaba a los contrincantes, a veces escenificando las acciones de los boxeadores, con gestos y ademanes, parec\u00c3\u00ada que eran ellos los que estaban sobre la lona del ring.<\/p>\n<p>CARRERAS CICLISTAS entre poblaciones pr\u00c3\u00b3ximas y el Paseo Mar\u00c3\u00adtimo se convert\u00c3\u00ada en un improvisado vel\u00c3\u00b3dromo, donde uno de nuestros representantes locales: Pedro Desena Bueno que era una aleaci\u00c3\u00b3n deportiva-ciclista, entre Fausto Coppi y Jacques Anquetil, sudaba de lo lindo la camiseta, para tratar de ganar la prueba delante de sus innumerables admiradores.<\/p>\n<p>REGATAS de BALANDROS en la bella Mar Chica de olas con espuma inmaculada, bajo un sol radiante: Donde los navegantes hac\u00c3\u00adan malabarismos con el tim\u00c3\u00b3n, para superar con sus peque\u00c3\u00b1as naves los obst\u00c3\u00a1culos y as\u00c3\u00ad conseguir alcanzar la meta con \u00c3\u00a9xito. Desde la terraza del Club N\u00c3\u00a1utico, la visi\u00c3\u00b3n panor\u00c3\u00a1mica era bell\u00c3\u00adsima y escuchando una m\u00c3\u00basica muy apropiada para la ocasi\u00c3\u00b3n, que llegaba por los altavoces instalados en la parte exterior del edificio, uno de los muchos realizados durante la \u00c3\u00a9poca del Protectorado.<\/p>\n<p>CUCA\u00c3\u2018A, en uno de los extremos del mismo lugar se colocaba un poste de tel\u00c3\u00a9fono, en posici\u00c3\u00b3n horizontal, bien sujeto l\u00c3\u00b3gicamente y engrasado, a la vez que se pon\u00c3\u00ada un banderita al final. Los numerosos y animados participantes trataban de hacer la proeza de caminar suavemente y sin perder el equilibrio, para conseguir llegar hasta la meta, cosa que muy pocos lograban. Lo que si estaba asegurado para todos era el refrescante chapuz\u00c3\u00b3n.<\/p>\n<p>Elevaci\u00c3\u00b3n de GLOBOS GIGANTES: Para los ojos de un ni\u00c3\u00b1o de 10 a\u00c3\u00b1os, era todo un espect\u00c3\u00a1culo el ver elevarse majestuosamente a los globos, gracias al aire caliente inyectado y de c\u00c3\u00b3mo uno tras otro consegu\u00c3\u00adan sembrar el cielo de colores luminosos. Esta actividad atra\u00c3\u00ada sobre todo a los ni\u00c3\u00b1os y ni\u00c3\u00b1as, que disfrut\u00c3\u00a1bamos al m\u00c3\u00a1ximo ya que adem\u00c3\u00a1s ten\u00c3\u00adamos las vacaciones escolares por haber acabado el curso acad\u00c3\u00a9mico.<\/p>\n<p>Como parte obligatoria del Programa estaba el F\u00c3\u0161TBOL y el equipo local sol\u00c3\u00ada enfrentarse a otros de la zona, si no recuerdo mal en aquel tiempo era la S.D. Villa Nador la formaci\u00c3\u00b3n deportiva de la localidad y el Presidente un militar: el Capit\u00c3\u00a1n Cort\u00c3\u00a9s. Previamente y antes de cada partido se regaba el terreno de juego, pues este era de tierra y yo sol\u00c3\u00ada acompa\u00c3\u00b1ar al conductor del cami\u00c3\u00b3n regadera y aprovechaba para quedarme a ver el partido.<\/p>\n<p>Entre las diversas y variadas actividades hab\u00c3\u00ada una que no me gustaba nada, era la del TIRO AL PICH\u00c3\u201cN, que m\u00c3\u00a1s tarde se cambi\u00c3\u00b3 por una mucho m\u00c3\u00a1s racional y humana, la del TIRO AL PLATO, aqu\u00c3\u00ad hab\u00c3\u00ada mucha participaci\u00c3\u00b3n de cazadores y sobre todo de Jefes y Oficiales militares.<\/p>\n<p>Est\u00c3\u00a1bamos geogr\u00c3\u00a1ficamente en el Rif y como hab\u00c3\u00ada que respetar y fomentar las tradiciones culturales, LA CORRIDA DE LA P\u00c3\u201cLVORA era una de ellas. El lugar, un descampado muy grande que hab\u00c3\u00ada antes de llegar a la playa de las Canteras. La verdad es que daba gozo el contemplar unos corceles negros, blancos y alazanes, montados por unos consumados jinetes rife\u00c3\u00b1os, armados con unas espingardas y lanzados a un galope fren\u00c3\u00a9tico y disparando sus armas al aire.<\/p>\n<p>Repitiendo varias veces el ejercicio ecuestre y guerrero, haciendo disfrutar a los espectadores que los premiaban con sonoros aplausos, a la vez que se o\u00c3\u00adan los gritos de j\u00c3\u00babilo de las nativas, por cierto caracter\u00c3\u00adsticos tambi\u00c3\u00a9n de la Kabylia argelina. Los famosos yu-yu-yu\u00e2\u20ac\u00a6\u00e2\u20ac\u00a6\u00e2\u20ac\u00a6<\/p>\n<p>Y como en cualquier fiesta no pod\u00c3\u00adan faltar los puestos de golosinas, buenos churros y bu\u00c3\u00b1uelos acompa\u00c3\u00b1ados del rico t\u00c3\u00a9 con hierbabuena, as\u00c3\u00ad como las cl\u00c3\u00a1sicas atracciones feriales que acaparaban la atenci\u00c3\u00b3n de los m\u00c3\u00a1s peque\u00c3\u00b1os, acompa\u00c3\u00b1ados por los pap\u00c3\u00a1s para protegerlos y l\u00c3\u00b3gicamente pagar los \u00e2\u20ac\u0153viajes\u00e2\u20ac\u009d de sus reto\u00c3\u00b1os.<\/p>\n<p>S\u00c3\u00a9 que me he dejado alg\u00c3\u00ban apartado sin comentar, mis animosos y sensibles paisanos\/as nadorenses me corregir\u00c3\u00a1n y espero que sean ben\u00c3\u00a9volos con este humilde servidor, que s\u00c3\u00b3lo pretender alegrar la vida de sus semejantes y recordar un tiempo que nos marc\u00c3\u00b3 positivamente para siempre.<\/p>\n<p>Un fuerte abrazo de este nadorense orgulloso de sus or\u00c3\u00adgenes, para todos\/as. <\/p>\n<p align=\"right\"><strong><em>Pepe Luis ZAPATA.<\/em><\/strong><\/p>\n<p>P.D.: Gracias una vez m\u00c3\u00a1s a todos\/as los primos de Segangan y un saludo cordial para ANTONIO ASENSIO, por su dedicaci\u00c3\u00b3n y profesionalidad.<\/p>\n","protected":false},"excerpt":{"rendered":"<p>Villa Nador era una gran fiesta cuando se acercaba el 25 de Julio: Santiago el Mayor patr\u00c3\u00b3n de la localidad y hab\u00c3\u00ada que celebrarlo con: Misa, m\u00c3\u00basica, gigantes y cabezudos, deportes, conciertos, cohetes y actos culturales. Los Padres Franciscanos se &hellip; <a class=\"kt-excerpt-readmore\" href=\"http:\/\/www.primosasegangan.com\/blog1\/?p=3562\" aria-label=\"CUANDO VILLA NADOR ERA UNA FERIA DE COLORES\">Leer m&aacute;s<\/a><\/p>\n","protected":false},"author":1,"featured_media":0,"comment_status":"open","ping_status":"open","sticky":false,"template":"","format":"standard","meta":{"kt_blocks_editor_width":"","footnotes":""},"categories":[1,5],"tags":[],"_links":{"self":[{"href":"http:\/\/www.primosasegangan.com\/blog1\/index.php?rest_route=\/wp\/v2\/posts\/3562"}],"collection":[{"href":"http:\/\/www.primosasegangan.com\/blog1\/index.php?rest_route=\/wp\/v2\/posts"}],"about":[{"href":"http:\/\/www.primosasegangan.com\/blog1\/index.php?rest_route=\/wp\/v2\/types\/post"}],"author":[{"embeddable":true,"href":"http:\/\/www.primosasegangan.com\/blog1\/index.php?rest_route=\/wp\/v2\/users\/1"}],"replies":[{"embeddable":true,"href":"http:\/\/www.primosasegangan.com\/blog1\/index.php?rest_route=%2Fwp%2Fv2%2Fcomments&post=3562"}],"version-history":[{"count":0,"href":"http:\/\/www.primosasegangan.com\/blog1\/index.php?rest_route=\/wp\/v2\/posts\/3562\/revisions"}],"wp:attachment":[{"href":"http:\/\/www.primosasegangan.com\/blog1\/index.php?rest_route=%2Fwp%2Fv2%2Fmedia&parent=3562"}],"wp:term":[{"taxonomy":"category","embeddable":true,"href":"http:\/\/www.primosasegangan.com\/blog1\/index.php?rest_route=%2Fwp%2Fv2%2Fcategories&post=3562"},{"taxonomy":"post_tag","embeddable":true,"href":"http:\/\/www.primosasegangan.com\/blog1\/index.php?rest_route=%2Fwp%2Fv2%2Ftags&post=3562"}],"curies":[{"name":"wp","href":"https:\/\/api.w.org\/{rel}","templated":true}]}}